{"id":20968,"date":"2022-03-30T15:33:42","date_gmt":"2022-03-30T13:33:42","guid":{"rendered":"https:\/\/arbeitgeber.de\/europa-erlebt-zur-zeit-die-groesste-fluechtlingskrise-seit-dem-zweiten-weltkrieg\/"},"modified":"2023-12-05T10:21:06","modified_gmt":"2023-12-05T09:21:06","slug":"europa-erlebt-zur-zeit-die-groesste-fluechtlingskrise-seit-dem-zweiten-weltkrieg","status":"publish","type":"post","link":"https:\/\/arbeitgeber.de\/en\/europa-erlebt-zur-zeit-die-groesste-fluechtlingskrise-seit-dem-zweiten-weltkrieg\/","title":{"rendered":"<!---<a style=\"color: #0054ff; font-style: italic; font-weight: 600; text-decoration: underline;\" href=\"https:\/\/arbeitgeber.de\/news\/\">&gt; weiterf\u00fchrender Link<\/a> --->"},"content":{"rendered":"","protected":false},"excerpt":{"rendered":"<p>Employers&#8217; President Dr. Rainer Dulger comments on the integration of refugees from Ukraine into the labour market on the occasion of today&#8217;s refugee summit with the German government&#8230;<\/p>\n","protected":false},"author":9,"featured_media":20608,"comment_status":"closed","ping_status":"closed","sticky":false,"template":"","format":"standard","meta":{"inline_featured_image":false,"footnotes":""},"categories":[721],"tags":[],"class_list":["post-20968","post","type-post","status-publish","format-standard","has-post-thumbnail","hentry","category-bda-en"],"yoast_head":"<!-- This site is optimized with the Yoast SEO Premium plugin v27.4 (Yoast SEO v27.4) - https:\/\/yoast.com\/product\/yoast-seo-premium-wordpress\/ -->\n<title>&gt; weiterf\u00fchrender Link -&gt; - die Arbeitgeber<\/title>\n<meta name=\"robots\" content=\"index, follow, max-snippet:-1, max-image-preview:large, max-video-preview:-1\" \/>\n<link rel=\"canonical\" href=\"https:\/\/arbeitgeber.de\/europa-erlebt-zur-zeit-die-groesste-fluechtlingskrise-seit-dem-zweiten-weltkrieg\/\" \/>\n<meta property=\"og:locale\" content=\"en_US\" \/>\n<meta property=\"og:type\" content=\"article\" \/>\n<meta property=\"og:title\" content=\"Europa erlebt zur Zeit die gr\u00f6\u00dfte Fl\u00fcchtlingskrise seit dem Zweiten Weltkrieg\" \/>\n<meta property=\"og:description\" content=\"News article\" \/>\n<meta property=\"og:url\" content=\"https:\/\/arbeitgeber.de\/europa-erlebt-zur-zeit-die-groesste-fluechtlingskrise-seit-dem-zweiten-weltkrieg\/\" \/>\n<meta property=\"og:site_name\" content=\"die Arbeitgeber\" \/>\n<meta property=\"article:published_time\" content=\"2022-03-30T13:33:42+00:00\" \/>\n<meta property=\"article:modified_time\" content=\"2023-12-05T09:21:06+00:00\" \/>\n<meta property=\"og:image\" content=\"https:\/\/arbeitgeber.de\/wp-content\/uploads\/2022\/03\/bda-news-rainer_dulger_nah_treppe-922x640px.jpg\" \/>\n\t<meta property=\"og:image:width\" content=\"922\" \/>\n\t<meta property=\"og:image:height\" content=\"640\" \/>\n\t<meta property=\"og:image:type\" content=\"image\/jpeg\" \/>\n<meta name=\"author\" content=\"Claudia Bubbel\" \/>\n<meta name=\"twitter:card\" content=\"summary_large_image\" \/>\n<meta name=\"twitter:title\" content=\"Europe is currently experiencing the biggest refugee crisis since the Second World War\" \/>\n<meta name=\"twitter:description\" content=\"Employer President Dr. Rainer Dulger explains the Integration of refugees from Ukraine into the labor market on the occasion of today&#039;s refugee summit with the German government:We employers are ready to make our contribution to integration into the labor market and trainingBerlin, March 30, 2022: &quot;Europe is currently experiencing the biggest refugee crisis since the Second World War. First and foremost, we need to provide good care, accommodation and support for the people from Ukraine who are coming to Germany. This will be a huge effort that we can only manage if everyone works together. For us entrepreneurs, one thing is clear: in order to be able to help quickly and unbureaucratically, we need above all a pragmatic and efficient approach.It is right and necessary for the federal government to focus on integration into the labor market at an early stage. We employers are ready to make our contribution to integration into the labor market and training. The upcoming exchange with Minister of Labor Heil is a good start - and we expect the federal government to maintain a focused and goal-oriented dialogue in the coming weeks. Because what lies ahead of us is a task for society as a whole, in which politics and business must pull together.Important decisions have already been taken on taking up employment, such as the direct issue of a work permit in conjunction with the application for a residence permit. It will be crucial that the immigration authorities quickly put the regulations into practice. The second step is to provide practical support for those who wish to stay in Germany. To this end, it is important that the appropriate capacities for language acquisition are created and bureaucratic hurdles, for example in the procedures for professional recognition, are removed.&quot;\" \/>\n<meta name=\"twitter:creator\" content=\"@DieBDA\" \/>\n<meta name=\"twitter:site\" content=\"@DieBDA\" \/>\n<meta name=\"twitter:label1\" content=\"Written by\" \/>\n\t<meta name=\"twitter:data1\" content=\"Claudia Bubbel\" \/>\n<script type=\"application\/ld+json\" class=\"yoast-schema-graph\">{\"@context\":\"https:\\\/\\\/schema.org\",\"@graph\":[{\"@type\":\"Article\",\"@id\":\"https:\\\/\\\/arbeitgeber.de\\\/europa-erlebt-zur-zeit-die-groesste-fluechtlingskrise-seit-dem-zweiten-weltkrieg\\\/#article\",\"isPartOf\":{\"@id\":\"https:\\\/\\\/arbeitgeber.de\\\/europa-erlebt-zur-zeit-die-groesste-fluechtlingskrise-seit-dem-zweiten-weltkrieg\\\/\"},\"author\":{\"name\":\"Claudia Bubbel\",\"@id\":\"https:\\\/\\\/arbeitgeber.de\\\/#\\\/schema\\\/person\\\/89a2c5d843e92c4862abfeb8fc7baa4f\"},\"headline\":\"\",\"datePublished\":\"2022-03-30T13:33:42+00:00\",\"dateModified\":\"2023-12-05T09:21:06+00:00\",\"mainEntityOfPage\":{\"@id\":\"https:\\\/\\\/arbeitgeber.de\\\/europa-erlebt-zur-zeit-die-groesste-fluechtlingskrise-seit-dem-zweiten-weltkrieg\\\/\"},\"wordCount\":0,\"publisher\":{\"@id\":\"https:\\\/\\\/arbeitgeber.de\\\/#organization\"},\"image\":{\"@id\":\"https:\\\/\\\/arbeitgeber.de\\\/europa-erlebt-zur-zeit-die-groesste-fluechtlingskrise-seit-dem-zweiten-weltkrieg\\\/#primaryimage\"},\"thumbnailUrl\":\"https:\\\/\\\/arbeitgeber.de\\\/wp-content\\\/uploads\\\/2022\\\/03\\\/bda-news-rainer_dulger_nah_treppe-922x640px.jpg\",\"articleSection\":[\"BDA\"],\"inLanguage\":\"en-US\"},{\"@type\":\"WebPage\",\"@id\":\"https:\\\/\\\/arbeitgeber.de\\\/europa-erlebt-zur-zeit-die-groesste-fluechtlingskrise-seit-dem-zweiten-weltkrieg\\\/\",\"url\":\"https:\\\/\\\/arbeitgeber.de\\\/europa-erlebt-zur-zeit-die-groesste-fluechtlingskrise-seit-dem-zweiten-weltkrieg\\\/\",\"name\":\"&gt; weiterf\u00fchrender Link -> - die Arbeitgeber\",\"isPartOf\":{\"@id\":\"https:\\\/\\\/arbeitgeber.de\\\/#website\"},\"primaryImageOfPage\":{\"@id\":\"https:\\\/\\\/arbeitgeber.de\\\/europa-erlebt-zur-zeit-die-groesste-fluechtlingskrise-seit-dem-zweiten-weltkrieg\\\/#primaryimage\"},\"image\":{\"@id\":\"https:\\\/\\\/arbeitgeber.de\\\/europa-erlebt-zur-zeit-die-groesste-fluechtlingskrise-seit-dem-zweiten-weltkrieg\\\/#primaryimage\"},\"thumbnailUrl\":\"https:\\\/\\\/arbeitgeber.de\\\/wp-content\\\/uploads\\\/2022\\\/03\\\/bda-news-rainer_dulger_nah_treppe-922x640px.jpg\",\"datePublished\":\"2022-03-30T13:33:42+00:00\",\"dateModified\":\"2023-12-05T09:21:06+00:00\",\"inLanguage\":\"en-US\",\"potentialAction\":[{\"@type\":\"ReadAction\",\"target\":[\"https:\\\/\\\/arbeitgeber.de\\\/europa-erlebt-zur-zeit-die-groesste-fluechtlingskrise-seit-dem-zweiten-weltkrieg\\\/\"]}]},{\"@type\":\"ImageObject\",\"inLanguage\":\"en-US\",\"@id\":\"https:\\\/\\\/arbeitgeber.de\\\/europa-erlebt-zur-zeit-die-groesste-fluechtlingskrise-seit-dem-zweiten-weltkrieg\\\/#primaryimage\",\"url\":\"https:\\\/\\\/arbeitgeber.de\\\/wp-content\\\/uploads\\\/2022\\\/03\\\/bda-news-rainer_dulger_nah_treppe-922x640px.jpg\",\"contentUrl\":\"https:\\\/\\\/arbeitgeber.de\\\/wp-content\\\/uploads\\\/2022\\\/03\\\/bda-news-rainer_dulger_nah_treppe-922x640px.jpg\",\"width\":922,\"height\":640,\"caption\":\"Arbeitgeberpr\u00e4sident Dr. Rainer Dulger stehend auf einer Treppe - Portrait Querformat \u00a9BDA\"},{\"@type\":\"WebSite\",\"@id\":\"https:\\\/\\\/arbeitgeber.de\\\/#website\",\"url\":\"https:\\\/\\\/arbeitgeber.de\\\/\",\"name\":\"Die Arbeitgeber\",\"description\":\"Der Spitzenverband der deutschen Wirtschaft\",\"publisher\":{\"@id\":\"https:\\\/\\\/arbeitgeber.de\\\/#organization\"},\"potentialAction\":[{\"@type\":\"SearchAction\",\"target\":{\"@type\":\"EntryPoint\",\"urlTemplate\":\"https:\\\/\\\/arbeitgeber.de\\\/?s={search_term_string}\"},\"query-input\":{\"@type\":\"PropertyValueSpecification\",\"valueRequired\":true,\"valueName\":\"search_term_string\"}}],\"inLanguage\":\"en-US\"},{\"@type\":\"Organization\",\"@id\":\"https:\\\/\\\/arbeitgeber.de\\\/#organization\",\"name\":\"Die Arbeitgeber\",\"url\":\"https:\\\/\\\/arbeitgeber.de\\\/\",\"logo\":{\"@type\":\"ImageObject\",\"inLanguage\":\"en-US\",\"@id\":\"https:\\\/\\\/arbeitgeber.de\\\/#\\\/schema\\\/logo\\\/image\\\/\",\"url\":\"https:\\\/\\\/arbeitgeber.de\\\/wp-content\\\/uploads\\\/bda-arbeitgeber-logo-512px.png\",\"contentUrl\":\"https:\\\/\\\/arbeitgeber.de\\\/wp-content\\\/uploads\\\/bda-arbeitgeber-logo-512px.png\",\"width\":512,\"height\":512,\"caption\":\"Die Arbeitgeber\"},\"image\":{\"@id\":\"https:\\\/\\\/arbeitgeber.de\\\/#\\\/schema\\\/logo\\\/image\\\/\"},\"sameAs\":[\"https:\\\/\\\/x.com\\\/DieBDA\",\"https:\\\/\\\/de.linkedin.com\\\/company\\\/bda-die-arbeitgeber\",\"https:\\\/\\\/www.youtube.com\\\/user\\\/diearbeitgeber\"]},{\"@type\":\"Person\",\"@id\":\"https:\\\/\\\/arbeitgeber.de\\\/#\\\/schema\\\/person\\\/89a2c5d843e92c4862abfeb8fc7baa4f\",\"name\":\"Claudia Bubbel\",\"image\":{\"@type\":\"ImageObject\",\"inLanguage\":\"en-US\",\"@id\":\"https:\\\/\\\/secure.gravatar.com\\\/avatar\\\/1fb7506977d71d5f930c196498c7dc1d2ecf40d66ff1f953a4e957f232129479?s=96&d=mm&r=g\",\"url\":\"https:\\\/\\\/secure.gravatar.com\\\/avatar\\\/1fb7506977d71d5f930c196498c7dc1d2ecf40d66ff1f953a4e957f232129479?s=96&d=mm&r=g\",\"contentUrl\":\"https:\\\/\\\/secure.gravatar.com\\\/avatar\\\/1fb7506977d71d5f930c196498c7dc1d2ecf40d66ff1f953a4e957f232129479?s=96&d=mm&r=g\",\"caption\":\"Claudia Bubbel\"},\"url\":\"https:\\\/\\\/arbeitgeber.de\\\/en\\\/author\\\/bda-cb\\\/\"}]}<\/script>\n<!-- \/ Yoast SEO Premium plugin. -->","yoast_head_json":{"title":"&gt; weiterf\u00fchrender Link -> - die Arbeitgeber","robots":{"index":"index","follow":"follow","max-snippet":"max-snippet:-1","max-image-preview":"max-image-preview:large","max-video-preview":"max-video-preview:-1"},"canonical":"https:\/\/arbeitgeber.de\/europa-erlebt-zur-zeit-die-groesste-fluechtlingskrise-seit-dem-zweiten-weltkrieg\/","og_locale":"en_US","og_type":"article","og_title":"Europa erlebt zur Zeit die gr\u00f6\u00dfte Fl\u00fcchtlingskrise seit dem Zweiten Weltkrieg","og_description":"News article","og_url":"https:\/\/arbeitgeber.de\/europa-erlebt-zur-zeit-die-groesste-fluechtlingskrise-seit-dem-zweiten-weltkrieg\/","og_site_name":"die Arbeitgeber","article_published_time":"2022-03-30T13:33:42+00:00","article_modified_time":"2023-12-05T09:21:06+00:00","og_image":[{"width":922,"height":640,"url":"https:\/\/arbeitgeber.de\/wp-content\/uploads\/2022\/03\/bda-news-rainer_dulger_nah_treppe-922x640px.jpg","type":"image\/jpeg"}],"author":"Claudia Bubbel","twitter_card":"summary_large_image","twitter_title":"Europe is currently experiencing the biggest refugee crisis since the Second World War","twitter_description":"Employer President Dr. Rainer Dulger explains the Integration of refugees from Ukraine into the labor market on the occasion of today's refugee summit with the German government:We employers are ready to make our contribution to integration into the labor market and trainingBerlin, March 30, 2022: \"Europe is currently experiencing the biggest refugee crisis since the Second World War. First and foremost, we need to provide good care, accommodation and support for the people from Ukraine who are coming to Germany. This will be a huge effort that we can only manage if everyone works together. For us entrepreneurs, one thing is clear: in order to be able to help quickly and unbureaucratically, we need above all a pragmatic and efficient approach.It is right and necessary for the federal government to focus on integration into the labor market at an early stage. We employers are ready to make our contribution to integration into the labor market and training. The upcoming exchange with Minister of Labor Heil is a good start - and we expect the federal government to maintain a focused and goal-oriented dialogue in the coming weeks. Because what lies ahead of us is a task for society as a whole, in which politics and business must pull together.Important decisions have already been taken on taking up employment, such as the direct issue of a work permit in conjunction with the application for a residence permit. It will be crucial that the immigration authorities quickly put the regulations into practice. The second step is to provide practical support for those who wish to stay in Germany. To this end, it is important that the appropriate capacities for language acquisition are created and bureaucratic hurdles, for example in the procedures for professional recognition, are removed.\"","twitter_creator":"@DieBDA","twitter_site":"@DieBDA","twitter_misc":{"Written by":"Claudia Bubbel"},"schema":{"@context":"https:\/\/schema.org","@graph":[{"@type":"Article","@id":"https:\/\/arbeitgeber.de\/europa-erlebt-zur-zeit-die-groesste-fluechtlingskrise-seit-dem-zweiten-weltkrieg\/#article","isPartOf":{"@id":"https:\/\/arbeitgeber.de\/europa-erlebt-zur-zeit-die-groesste-fluechtlingskrise-seit-dem-zweiten-weltkrieg\/"},"author":{"name":"Claudia Bubbel","@id":"https:\/\/arbeitgeber.de\/#\/schema\/person\/89a2c5d843e92c4862abfeb8fc7baa4f"},"headline":"","datePublished":"2022-03-30T13:33:42+00:00","dateModified":"2023-12-05T09:21:06+00:00","mainEntityOfPage":{"@id":"https:\/\/arbeitgeber.de\/europa-erlebt-zur-zeit-die-groesste-fluechtlingskrise-seit-dem-zweiten-weltkrieg\/"},"wordCount":0,"publisher":{"@id":"https:\/\/arbeitgeber.de\/#organization"},"image":{"@id":"https:\/\/arbeitgeber.de\/europa-erlebt-zur-zeit-die-groesste-fluechtlingskrise-seit-dem-zweiten-weltkrieg\/#primaryimage"},"thumbnailUrl":"https:\/\/arbeitgeber.de\/wp-content\/uploads\/2022\/03\/bda-news-rainer_dulger_nah_treppe-922x640px.jpg","articleSection":["BDA"],"inLanguage":"en-US"},{"@type":"WebPage","@id":"https:\/\/arbeitgeber.de\/europa-erlebt-zur-zeit-die-groesste-fluechtlingskrise-seit-dem-zweiten-weltkrieg\/","url":"https:\/\/arbeitgeber.de\/europa-erlebt-zur-zeit-die-groesste-fluechtlingskrise-seit-dem-zweiten-weltkrieg\/","name":"&gt; weiterf\u00fchrender Link -> - die Arbeitgeber","isPartOf":{"@id":"https:\/\/arbeitgeber.de\/#website"},"primaryImageOfPage":{"@id":"https:\/\/arbeitgeber.de\/europa-erlebt-zur-zeit-die-groesste-fluechtlingskrise-seit-dem-zweiten-weltkrieg\/#primaryimage"},"image":{"@id":"https:\/\/arbeitgeber.de\/europa-erlebt-zur-zeit-die-groesste-fluechtlingskrise-seit-dem-zweiten-weltkrieg\/#primaryimage"},"thumbnailUrl":"https:\/\/arbeitgeber.de\/wp-content\/uploads\/2022\/03\/bda-news-rainer_dulger_nah_treppe-922x640px.jpg","datePublished":"2022-03-30T13:33:42+00:00","dateModified":"2023-12-05T09:21:06+00:00","inLanguage":"en-US","potentialAction":[{"@type":"ReadAction","target":["https:\/\/arbeitgeber.de\/europa-erlebt-zur-zeit-die-groesste-fluechtlingskrise-seit-dem-zweiten-weltkrieg\/"]}]},{"@type":"ImageObject","inLanguage":"en-US","@id":"https:\/\/arbeitgeber.de\/europa-erlebt-zur-zeit-die-groesste-fluechtlingskrise-seit-dem-zweiten-weltkrieg\/#primaryimage","url":"https:\/\/arbeitgeber.de\/wp-content\/uploads\/2022\/03\/bda-news-rainer_dulger_nah_treppe-922x640px.jpg","contentUrl":"https:\/\/arbeitgeber.de\/wp-content\/uploads\/2022\/03\/bda-news-rainer_dulger_nah_treppe-922x640px.jpg","width":922,"height":640,"caption":"Arbeitgeberpr\u00e4sident Dr. Rainer Dulger stehend auf einer Treppe - Portrait Querformat \u00a9BDA"},{"@type":"WebSite","@id":"https:\/\/arbeitgeber.de\/#website","url":"https:\/\/arbeitgeber.de\/","name":"Die Arbeitgeber","description":"Der Spitzenverband der deutschen Wirtschaft","publisher":{"@id":"https:\/\/arbeitgeber.de\/#organization"},"potentialAction":[{"@type":"SearchAction","target":{"@type":"EntryPoint","urlTemplate":"https:\/\/arbeitgeber.de\/?s={search_term_string}"},"query-input":{"@type":"PropertyValueSpecification","valueRequired":true,"valueName":"search_term_string"}}],"inLanguage":"en-US"},{"@type":"Organization","@id":"https:\/\/arbeitgeber.de\/#organization","name":"Die Arbeitgeber","url":"https:\/\/arbeitgeber.de\/","logo":{"@type":"ImageObject","inLanguage":"en-US","@id":"https:\/\/arbeitgeber.de\/#\/schema\/logo\/image\/","url":"https:\/\/arbeitgeber.de\/wp-content\/uploads\/bda-arbeitgeber-logo-512px.png","contentUrl":"https:\/\/arbeitgeber.de\/wp-content\/uploads\/bda-arbeitgeber-logo-512px.png","width":512,"height":512,"caption":"Die Arbeitgeber"},"image":{"@id":"https:\/\/arbeitgeber.de\/#\/schema\/logo\/image\/"},"sameAs":["https:\/\/x.com\/DieBDA","https:\/\/de.linkedin.com\/company\/bda-die-arbeitgeber","https:\/\/www.youtube.com\/user\/diearbeitgeber"]},{"@type":"Person","@id":"https:\/\/arbeitgeber.de\/#\/schema\/person\/89a2c5d843e92c4862abfeb8fc7baa4f","name":"Claudia Bubbel","image":{"@type":"ImageObject","inLanguage":"en-US","@id":"https:\/\/secure.gravatar.com\/avatar\/1fb7506977d71d5f930c196498c7dc1d2ecf40d66ff1f953a4e957f232129479?s=96&d=mm&r=g","url":"https:\/\/secure.gravatar.com\/avatar\/1fb7506977d71d5f930c196498c7dc1d2ecf40d66ff1f953a4e957f232129479?s=96&d=mm&r=g","contentUrl":"https:\/\/secure.gravatar.com\/avatar\/1fb7506977d71d5f930c196498c7dc1d2ecf40d66ff1f953a4e957f232129479?s=96&d=mm&r=g","caption":"Claudia Bubbel"},"url":"https:\/\/arbeitgeber.de\/en\/author\/bda-cb\/"}]}},"_links":{"self":[{"href":"https:\/\/arbeitgeber.de\/en\/wp-json\/wp\/v2\/posts\/20968","targetHints":{"allow":["GET"]}}],"collection":[{"href":"https:\/\/arbeitgeber.de\/en\/wp-json\/wp\/v2\/posts"}],"about":[{"href":"https:\/\/arbeitgeber.de\/en\/wp-json\/wp\/v2\/types\/post"}],"author":[{"embeddable":true,"href":"https:\/\/arbeitgeber.de\/en\/wp-json\/wp\/v2\/users\/9"}],"replies":[{"embeddable":true,"href":"https:\/\/arbeitgeber.de\/en\/wp-json\/wp\/v2\/comments?post=20968"}],"version-history":[{"count":6,"href":"https:\/\/arbeitgeber.de\/en\/wp-json\/wp\/v2\/posts\/20968\/revisions"}],"predecessor-version":[{"id":28393,"href":"https:\/\/arbeitgeber.de\/en\/wp-json\/wp\/v2\/posts\/20968\/revisions\/28393"}],"wp:featuredmedia":[{"embeddable":true,"href":"https:\/\/arbeitgeber.de\/en\/wp-json\/wp\/v2\/media\/20608"}],"wp:attachment":[{"href":"https:\/\/arbeitgeber.de\/en\/wp-json\/wp\/v2\/media?parent=20968"}],"wp:term":[{"taxonomy":"category","embeddable":true,"href":"https:\/\/arbeitgeber.de\/en\/wp-json\/wp\/v2\/categories?post=20968"},{"taxonomy":"post_tag","embeddable":true,"href":"https:\/\/arbeitgeber.de\/en\/wp-json\/wp\/v2\/tags?post=20968"}],"curies":[{"name":"wp","href":"https:\/\/api.w.org\/{rel}","templated":true}]}}